{"id":54,"date":"2023-09-26T09:27:17","date_gmt":"2023-09-26T09:27:17","guid":{"rendered":"https:\/\/grupogea.unex.es\/BigBandProjex\/?p=54"},"modified":"2023-12-14T08:27:14","modified_gmt":"2023-12-14T08:27:14","slug":"concierto-celebracion-50-aniversario-universidad-de-extremadura","status":"publish","type":"post","link":"https:\/\/grupogea.unex.es\/BigBandProjex\/index.php\/2023\/09\/26\/concierto-celebracion-50-aniversario-universidad-de-extremadura\/","title":{"rendered":"Concierto festival Vi\u00f1a Jazz"},"content":{"rendered":"\n<p>El pasado viernes 22 de Septiembre, la Big Band ProjEx deleit\u00f3 a un auditorio a rebosar en el Museo de las Ciencias del Vino de Almendralejo, con un concierto de celebraci\u00f3n de los 50 a\u00f1os de existencia de la Universidad de Extremadura, con presencia del Rector, Vicerrectora de Extensi\u00f3n Universitaria, Directora de actividades culturales y Secretario General de la Universidad de Extremadura.  El concierto formaba parte de las actividades del primer festival Vi\u00f1a Jazz.<\/p>\n\n\n\n<figure class=\"wp-block-image size-large is-resized\"><img loading=\"lazy\" decoding=\"async\" width=\"724\" height=\"1024\" src=\"https:\/\/grupogea.unex.es\/BigBandProjex\/wp-content\/uploads\/2023\/12\/vinajazz-final-724x1024.jpg\" alt=\"\" class=\"wp-image-268\" style=\"width:648px;height:auto\" srcset=\"https:\/\/grupogea.unex.es\/BigBandProjex\/wp-content\/uploads\/2023\/12\/vinajazz-final-724x1024.jpg 724w, https:\/\/grupogea.unex.es\/BigBandProjex\/wp-content\/uploads\/2023\/12\/vinajazz-final-212x300.jpg 212w, https:\/\/grupogea.unex.es\/BigBandProjex\/wp-content\/uploads\/2023\/12\/vinajazz-final-768x1086.jpg 768w, https:\/\/grupogea.unex.es\/BigBandProjex\/wp-content\/uploads\/2023\/12\/vinajazz-final-1086x1536.jpg 1086w, https:\/\/grupogea.unex.es\/BigBandProjex\/wp-content\/uploads\/2023\/12\/vinajazz-final-1448x2048.jpg 1448w, https:\/\/grupogea.unex.es\/BigBandProjex\/wp-content\/uploads\/2023\/12\/vinajazz-final-scaled.jpg 1810w\" sizes=\"auto, (max-width: 724px) 100vw, 724px\" \/><\/figure>\n\n\n\n<p>Dejamos aqu\u00ed enlace a <a href=\"https:\/\/www.unex.es\/organizacion\/servicios-universitarios\/servicios\/comunicacion\/archivo\/2023\/septiembre-de-2023\/25-de-septiembre-de-2023\/exito-de-la-big-band-projex-en-la-celebracion-del-50-aniversario-de-la-uex\">noticia completa<\/a> del evento, y algunas im\u00e1genes del mismo.  <\/p>\n\n\n\n<figure class=\"wp-block-image size-large\"><img loading=\"lazy\" decoding=\"async\" width=\"1024\" height=\"768\" src=\"https:\/\/grupogea.unex.es\/BigBandProjex\/wp-content\/uploads\/2023\/09\/IMG-20230923-WA0011-1024x768.jpg\" alt=\"\" class=\"wp-image-58\" srcset=\"https:\/\/grupogea.unex.es\/BigBandProjex\/wp-content\/uploads\/2023\/09\/IMG-20230923-WA0011-1024x768.jpg 1024w, https:\/\/grupogea.unex.es\/BigBandProjex\/wp-content\/uploads\/2023\/09\/IMG-20230923-WA0011-300x225.jpg 300w, https:\/\/grupogea.unex.es\/BigBandProjex\/wp-content\/uploads\/2023\/09\/IMG-20230923-WA0011-768x576.jpg 768w, https:\/\/grupogea.unex.es\/BigBandProjex\/wp-content\/uploads\/2023\/09\/IMG-20230923-WA0011-1536x1152.jpg 1536w, https:\/\/grupogea.unex.es\/BigBandProjex\/wp-content\/uploads\/2023\/09\/IMG-20230923-WA0011.jpg 1600w\" sizes=\"auto, (max-width: 1024px) 100vw, 1024px\" \/><\/figure>\n\n\n\n<figure class=\"wp-block-image size-large\"><img loading=\"lazy\" decoding=\"async\" width=\"768\" height=\"1024\" src=\"https:\/\/grupogea.unex.es\/BigBandProjex\/wp-content\/uploads\/2023\/09\/IMG-20230923-WA0019-768x1024.jpg\" alt=\"\" class=\"wp-image-56\" srcset=\"https:\/\/grupogea.unex.es\/BigBandProjex\/wp-content\/uploads\/2023\/09\/IMG-20230923-WA0019-768x1024.jpg 768w, https:\/\/grupogea.unex.es\/BigBandProjex\/wp-content\/uploads\/2023\/09\/IMG-20230923-WA0019-225x300.jpg 225w, https:\/\/grupogea.unex.es\/BigBandProjex\/wp-content\/uploads\/2023\/09\/IMG-20230923-WA0019.jpg 1080w\" sizes=\"auto, (max-width: 768px) 100vw, 768px\" \/><\/figure>\n\n\n\n<figure class=\"wp-block-image size-large is-resized\"><img loading=\"lazy\" decoding=\"async\" width=\"1024\" height=\"768\" src=\"https:\/\/grupogea.unex.es\/BigBandProjex\/wp-content\/uploads\/2023\/09\/IMG-20230922-WA0008-1024x768.jpg\" alt=\"\" class=\"wp-image-55\" style=\"width:652px;height:652px\" srcset=\"https:\/\/grupogea.unex.es\/BigBandProjex\/wp-content\/uploads\/2023\/09\/IMG-20230922-WA0008-1024x768.jpg 1024w, https:\/\/grupogea.unex.es\/BigBandProjex\/wp-content\/uploads\/2023\/09\/IMG-20230922-WA0008-300x225.jpg 300w, https:\/\/grupogea.unex.es\/BigBandProjex\/wp-content\/uploads\/2023\/09\/IMG-20230922-WA0008-768x576.jpg 768w, https:\/\/grupogea.unex.es\/BigBandProjex\/wp-content\/uploads\/2023\/09\/IMG-20230922-WA0008-1536x1152.jpg 1536w, https:\/\/grupogea.unex.es\/BigBandProjex\/wp-content\/uploads\/2023\/09\/IMG-20230922-WA0008.jpg 1600w\" sizes=\"auto, (max-width: 1024px) 100vw, 1024px\" \/><\/figure>\n","protected":false},"excerpt":{"rendered":"<p>El pasado viernes 22 de Septiembre, la Big Band ProjEx deleit\u00f3 a un auditorio a rebosar en el Museo de las Ciencias del Vino de Almendralejo, con un concierto de celebraci\u00f3n de los 50 a\u00f1os de existencia de la Universidad de Extremadura, con presencia del Rector, Vicerrectora de Extensi\u00f3n Universitaria, Directora de actividades culturales y [&hellip;]<\/p>\n","protected":false},"author":1,"featured_media":69,"comment_status":"open","ping_status":"open","sticky":false,"template":"","format":"standard","meta":{"footnotes":""},"categories":[1],"tags":[],"class_list":["post-54","post","type-post","status-publish","format-standard","has-post-thumbnail","hentry","category-sin-categoria"],"_links":{"self":[{"href":"https:\/\/grupogea.unex.es\/BigBandProjex\/index.php\/wp-json\/wp\/v2\/posts\/54","targetHints":{"allow":["GET"]}}],"collection":[{"href":"https:\/\/grupogea.unex.es\/BigBandProjex\/index.php\/wp-json\/wp\/v2\/posts"}],"about":[{"href":"https:\/\/grupogea.unex.es\/BigBandProjex\/index.php\/wp-json\/wp\/v2\/types\/post"}],"author":[{"embeddable":true,"href":"https:\/\/grupogea.unex.es\/BigBandProjex\/index.php\/wp-json\/wp\/v2\/users\/1"}],"replies":[{"embeddable":true,"href":"https:\/\/grupogea.unex.es\/BigBandProjex\/index.php\/wp-json\/wp\/v2\/comments?post=54"}],"version-history":[{"count":4,"href":"https:\/\/grupogea.unex.es\/BigBandProjex\/index.php\/wp-json\/wp\/v2\/posts\/54\/revisions"}],"predecessor-version":[{"id":269,"href":"https:\/\/grupogea.unex.es\/BigBandProjex\/index.php\/wp-json\/wp\/v2\/posts\/54\/revisions\/269"}],"wp:featuredmedia":[{"embeddable":true,"href":"https:\/\/grupogea.unex.es\/BigBandProjex\/index.php\/wp-json\/wp\/v2\/media\/69"}],"wp:attachment":[{"href":"https:\/\/grupogea.unex.es\/BigBandProjex\/index.php\/wp-json\/wp\/v2\/media?parent=54"}],"wp:term":[{"taxonomy":"category","embeddable":true,"href":"https:\/\/grupogea.unex.es\/BigBandProjex\/index.php\/wp-json\/wp\/v2\/categories?post=54"},{"taxonomy":"post_tag","embeddable":true,"href":"https:\/\/grupogea.unex.es\/BigBandProjex\/index.php\/wp-json\/wp\/v2\/tags?post=54"}],"curies":[{"name":"wp","href":"https:\/\/api.w.org\/{rel}","templated":true}]}}