{"id":331,"date":"2025-01-24T09:17:41","date_gmt":"2025-01-24T09:17:41","guid":{"rendered":"https:\/\/grupogea.unex.es\/BigBandProjex\/?p=331"},"modified":"2025-01-24T09:30:11","modified_gmt":"2025-01-24T09:30:11","slug":"inicio-de-temporada-2025","status":"publish","type":"post","link":"https:\/\/grupogea.unex.es\/BigBandProjex\/index.php\/2025\/01\/24\/inicio-de-temporada-2025\/","title":{"rendered":"Inicio de temporada 2025"},"content":{"rendered":"\n<figure class=\"wp-block-image size-large\"><img loading=\"lazy\" decoding=\"async\" width=\"1024\" height=\"682\" src=\"https:\/\/grupogea.unex.es\/BigBandProjex\/wp-content\/uploads\/2025\/01\/IMG-20241201-WA0213-1024x682.jpg\" alt=\"\" class=\"wp-image-335\" srcset=\"https:\/\/grupogea.unex.es\/BigBandProjex\/wp-content\/uploads\/2025\/01\/IMG-20241201-WA0213-1024x682.jpg 1024w, https:\/\/grupogea.unex.es\/BigBandProjex\/wp-content\/uploads\/2025\/01\/IMG-20241201-WA0213-300x200.jpg 300w, https:\/\/grupogea.unex.es\/BigBandProjex\/wp-content\/uploads\/2025\/01\/IMG-20241201-WA0213-768x512.jpg 768w, https:\/\/grupogea.unex.es\/BigBandProjex\/wp-content\/uploads\/2025\/01\/IMG-20241201-WA0213-1536x1023.jpg 1536w, https:\/\/grupogea.unex.es\/BigBandProjex\/wp-content\/uploads\/2025\/01\/IMG-20241201-WA0213.jpg 1600w\" sizes=\"auto, (max-width: 1024px) 100vw, 1024px\" \/><\/figure>\n\n\n\n<p>Ya estamos de llenos en la programaci\u00f3n de la temporada 2025.  Son m\u00e1s de 10 a\u00f1os en ruta, desde que en 2015 tuvimos la oportunidad de tocar en el Teatro Real de Madrid, con motivo del ACM GECCO 2015.<\/p>\n\n\n\n<p>Comenzamos ya la programaci\u00f3n de eventos para 2025:  estaremos en Mayo en Puebla de la Calzada y en breve continuaremos anunciando fechas para resto de localidades que visitaremos.<\/p>\n","protected":false},"excerpt":{"rendered":"<p>Ya estamos de llenos en la programaci\u00f3n de la temporada 2025. Son m\u00e1s de 10 a\u00f1os en ruta, desde que en 2015 tuvimos la oportunidad de tocar en el Teatro Real de Madrid, con motivo del ACM GECCO 2015. Comenzamos ya la programaci\u00f3n de eventos para 2025: estaremos en Mayo en Puebla de la Calzada [&hellip;]<\/p>\n","protected":false},"author":1,"featured_media":335,"comment_status":"open","ping_status":"open","sticky":false,"template":"","format":"standard","meta":{"footnotes":""},"categories":[1],"tags":[],"class_list":["post-331","post","type-post","status-publish","format-standard","has-post-thumbnail","hentry","category-sin-categoria"],"_links":{"self":[{"href":"https:\/\/grupogea.unex.es\/BigBandProjex\/index.php\/wp-json\/wp\/v2\/posts\/331","targetHints":{"allow":["GET"]}}],"collection":[{"href":"https:\/\/grupogea.unex.es\/BigBandProjex\/index.php\/wp-json\/wp\/v2\/posts"}],"about":[{"href":"https:\/\/grupogea.unex.es\/BigBandProjex\/index.php\/wp-json\/wp\/v2\/types\/post"}],"author":[{"embeddable":true,"href":"https:\/\/grupogea.unex.es\/BigBandProjex\/index.php\/wp-json\/wp\/v2\/users\/1"}],"replies":[{"embeddable":true,"href":"https:\/\/grupogea.unex.es\/BigBandProjex\/index.php\/wp-json\/wp\/v2\/comments?post=331"}],"version-history":[{"count":3,"href":"https:\/\/grupogea.unex.es\/BigBandProjex\/index.php\/wp-json\/wp\/v2\/posts\/331\/revisions"}],"predecessor-version":[{"id":336,"href":"https:\/\/grupogea.unex.es\/BigBandProjex\/index.php\/wp-json\/wp\/v2\/posts\/331\/revisions\/336"}],"wp:featuredmedia":[{"embeddable":true,"href":"https:\/\/grupogea.unex.es\/BigBandProjex\/index.php\/wp-json\/wp\/v2\/media\/335"}],"wp:attachment":[{"href":"https:\/\/grupogea.unex.es\/BigBandProjex\/index.php\/wp-json\/wp\/v2\/media?parent=331"}],"wp:term":[{"taxonomy":"category","embeddable":true,"href":"https:\/\/grupogea.unex.es\/BigBandProjex\/index.php\/wp-json\/wp\/v2\/categories?post=331"},{"taxonomy":"post_tag","embeddable":true,"href":"https:\/\/grupogea.unex.es\/BigBandProjex\/index.php\/wp-json\/wp\/v2\/tags?post=331"}],"curies":[{"name":"wp","href":"https:\/\/api.w.org\/{rel}","templated":true}]}}